{"id":411,"date":"2017-02-08T14:52:31","date_gmt":"2017-02-08T14:52:31","guid":{"rendered":"http:\/\/vefsida.tolvuland.is\/?p=411"},"modified":"2022-03-17T14:54:54","modified_gmt":"2022-03-17T14:54:54","slug":"samradsfundur-heilbrigdisfulltrua-ak","status":"publish","type":"post","link":"https:\/\/hnv.is\/index.php\/2017\/02\/08\/samradsfundur-heilbrigdisfulltrua-ak\/","title":{"rendered":"Samr\u00e1\u00f0sfundur Heilbrigdisfulltrua Ak"},"content":{"rendered":"<p>Samr\u00e1\u00f0sfundur heilbrig\u00f0isfulltr\u00faa \u00e1 Nor\u00f0urlandi<\/p>\n<p>Heilbrig\u00f0isfulltr\u00farar \u00e1 Nor\u00f0urlandi vestra og Nor\u00f0urlandi eystra h\u00e9ldu samr\u00e1\u00f0sfund \u00e1 Akureyri 2. febr\u00faar sl. \u00c1kve\u00f0i\u00f0 var a\u00f0 fara \u00ed sameiginleg verkefni m.a. \u00ed skipasko\u00f0anir og fylgja betur eftir verkefni um\u00a0<a href=\"http:\/\/www.hnv.is\/index.php\/fundargerdhir\/tilkynningar1\/item\/176-hvadh-verdhur-um-utrunnin-matvaeli\" target=\"_blank\" rel=\"noopener\">matars\u00f3un<\/a>\u00a0sem eftirlitin ger\u00f0u \u00ed fyrra. \u00c1 fundinn kom starfsma\u00f0ur Neytendasamtakanna, \u00a0Brynhildur P\u00e9tursd\u00f3ttir en h\u00fan er \u00ed forsvari fyrir samt\u00f6kin \u00e1 Nor\u00f0urlandi. \u00a0\u00dea\u00f0 var afar uppl\u00fdsandi a\u00f0 hl\u00fd\u00f0a \u00e1 sj\u00f3narmi\u00f0 Brynhildar og gaf umr\u00e6\u00f0an von um aukna samvinnu Neytendasamtakanna og Heilbrig\u00f0iseftirlitsins.<\/p>\n<p><img loading=\"lazy\" decoding=\"async\" src=\"http:\/\/hnv.is\/wp-content\/uploads\/2022\/03\/Fundur_Akureyri_HeNv_og_HeNe-300x225.jpg\" alt=\"\" width=\"300\" height=\"225\" class=\"alignnone size-medium wp-image-412\" srcset=\"https:\/\/hnv.is\/wp-content\/uploads\/2022\/03\/Fundur_Akureyri_HeNv_og_HeNe-300x225.jpg 300w, https:\/\/hnv.is\/wp-content\/uploads\/2022\/03\/Fundur_Akureyri_HeNv_og_HeNe-1024x768.jpg 1024w, https:\/\/hnv.is\/wp-content\/uploads\/2022\/03\/Fundur_Akureyri_HeNv_og_HeNe-768x576.jpg 768w, https:\/\/hnv.is\/wp-content\/uploads\/2022\/03\/Fundur_Akureyri_HeNv_og_HeNe-1536x1152.jpg 1536w, https:\/\/hnv.is\/wp-content\/uploads\/2022\/03\/Fundur_Akureyri_HeNv_og_HeNe-2048x1536.jpg 2048w, https:\/\/hnv.is\/wp-content\/uploads\/2022\/03\/Fundur_Akureyri_HeNv_og_HeNe-510x382.jpg 510w, https:\/\/hnv.is\/wp-content\/uploads\/2022\/03\/Fundur_Akureyri_HeNv_og_HeNe-1080x810.jpg 1080w, https:\/\/hnv.is\/wp-content\/uploads\/2022\/03\/Fundur_Akureyri_HeNv_og_HeNe-1280x960.jpg 1280w, https:\/\/hnv.is\/wp-content\/uploads\/2022\/03\/Fundur_Akureyri_HeNv_og_HeNe-980x735.jpg 980w, https:\/\/hnv.is\/wp-content\/uploads\/2022\/03\/Fundur_Akureyri_HeNv_og_HeNe-480x360.jpg 480w\" sizes=\"(max-width: 300px) 100vw, 300px\" \/><\/p>\n","protected":false},"excerpt":{"rendered":"<p>Samr\u00e1\u00f0sfundur heilbrig\u00f0isfulltr\u00faa \u00e1 Nor\u00f0urlandi Heilbrig\u00f0isfulltr\u00farar \u00e1 Nor\u00f0urlandi vestra og Nor\u00f0urlandi eystra h\u00e9ldu samr\u00e1\u00f0sfund \u00e1 Akureyri 2. febr\u00faar sl. \u00c1kve\u00f0i\u00f0 var a\u00f0 fara \u00ed sameiginleg verkefni m.a. \u00ed skipasko\u00f0anir og fylgja betur eftir verkefni um\u00a0matars\u00f3un\u00a0sem eftirlitin ger\u00f0u \u00ed fyrra. \u00c1 fundinn kom starfsma\u00f0ur Neytendasamtakanna, \u00a0Brynhildur P\u00e9tursd\u00f3ttir en h\u00fan er \u00ed forsvari fyrir samt\u00f6kin \u00e1 Nor\u00f0urlandi. \u00a0\u00dea\u00f0 [&hellip;]<\/p>\n","protected":false},"author":1,"featured_media":0,"comment_status":"closed","ping_status":"open","sticky":false,"template":"","format":"standard","meta":{"_et_pb_use_builder":"","_et_pb_old_content":"","_et_gb_content_width":"","_monsterinsights_skip_tracking":false,"_monsterinsights_sitenote_active":false,"_monsterinsights_sitenote_note":"","_monsterinsights_sitenote_category":0,"footnotes":""},"categories":[5],"tags":[],"class_list":["post-411","post","type-post","status-publish","format-standard","hentry","category-tilkynningar"],"_links":{"self":[{"href":"https:\/\/hnv.is\/index.php\/wp-json\/wp\/v2\/posts\/411","targetHints":{"allow":["GET"]}}],"collection":[{"href":"https:\/\/hnv.is\/index.php\/wp-json\/wp\/v2\/posts"}],"about":[{"href":"https:\/\/hnv.is\/index.php\/wp-json\/wp\/v2\/types\/post"}],"author":[{"embeddable":true,"href":"https:\/\/hnv.is\/index.php\/wp-json\/wp\/v2\/users\/1"}],"replies":[{"embeddable":true,"href":"https:\/\/hnv.is\/index.php\/wp-json\/wp\/v2\/comments?post=411"}],"version-history":[{"count":1,"href":"https:\/\/hnv.is\/index.php\/wp-json\/wp\/v2\/posts\/411\/revisions"}],"predecessor-version":[{"id":413,"href":"https:\/\/hnv.is\/index.php\/wp-json\/wp\/v2\/posts\/411\/revisions\/413"}],"wp:attachment":[{"href":"https:\/\/hnv.is\/index.php\/wp-json\/wp\/v2\/media?parent=411"}],"wp:term":[{"taxonomy":"category","embeddable":true,"href":"https:\/\/hnv.is\/index.php\/wp-json\/wp\/v2\/categories?post=411"},{"taxonomy":"post_tag","embeddable":true,"href":"https:\/\/hnv.is\/index.php\/wp-json\/wp\/v2\/tags?post=411"}],"curies":[{"name":"wp","href":"https:\/\/api.w.org\/{rel}","templated":true}]}}